{"id":3631,"date":"2026-09-01T11:16:00","date_gmt":"2026-09-01T07:16:00","guid":{"rendered":"https:\/\/dilimizvarligimiz.az\/?p=3631"},"modified":"2026-09-01T11:16:00","modified_gmt":"2026-09-01T07:16:00","slug":"komit%c9%99-s%c9%99dri-akademiki-80-illik-yubileyi-munasib%c9%99til%c9%99-t%c9%99brik-edib","status":"publish","type":"post","link":"https:\/\/dilimizvarligimiz.az\/komit%c9%99-s%c9%99dri-akademiki-80-illik-yubileyi-munasib%c9%99til%c9%99-t%c9%99brik-edib\/","title":{"rendered":"Komit\u0259 s\u0259dri akademiki 80 illik yubileyi m\u00fcnasib\u0259til\u0259 t\u0259brik edib"},"content":{"rendered":"<p>Milli M\u0259clisin \u0130ctimai birlikl\u0259r v\u0259 dini qurumlar komit\u0259sinin s\u0259dri Fazil Mustafa Az\u0259rbaycan Milli Elml\u0259r Akademiyas\u0131n\u0131n h\u0259qiqi \u00fczv\u00fc, tan\u0131nm\u0131\u015f elm v\u0259 ictimai xadim M\u00f6hs\u00fcn Na\u011f\u0131soylunu 80 illik yubileyi m\u00fcnasib\u0259til\u0259 t\u0259brik edib.<\/p>\n<p>T\u0259brik m\u0259ktubunda akademikin m\u0259nal\u0131 \u00f6m\u00fcr yolunun b\u00f6y\u00fck bir hiss\u0259sini Az\u0259rbaycan elmin\u0259, ana dilimizin tarixi yadda\u015f\u0131n\u0131n, klassik \u0259d\u0259bi-m\u0259d\u0259ni irsimizin \u00f6yr\u0259nilm\u0259sin\u0259 v\u0259 g\u0259l\u0259c\u0259k n\u0259sill\u0259r\u0259 \u00e7atd\u0131r\u0131lmas\u0131na h\u0259sr etdiyi vur\u011fulan\u0131b.<\/p>\n<p>Fazil Mustafa g\u00f6rk\u0259mli dil\u00e7i, m\u0259tn\u015f\u00fcnas v\u0259 \u015f\u0259rq\u015f\u00fcnas alimin \u00e7oxillik ara\u015fd\u0131rmalar\u0131n\u0131n milli filoloji fikrimizin z\u0259nginl\u0259\u015fm\u0259sin\u0259 sanball\u0131 t\u00f6hf\u0259l\u0259r verdiyini, XV\u2013XVI y\u00fczillikl\u0259r Az\u0259rbaycan t\u0259rc\u00fcm\u0259 abid\u0259l\u0259rinin v\u0259 q\u0259dim \u0259lyazmalar\u0131m\u0131z\u0131n tekstoloji-filoloji ara\u015fd\u0131r\u0131lmas\u0131 y\u00f6n\u00fcnd\u0259 g\u00f6rd\u00fcy\u00fc i\u015fl\u0259rin humanitar elmimizin m\u00f6t\u0259b\u0259r \u00f6rn\u0259kl\u0259ri s\u0131ras\u0131nda yer ald\u0131\u011f\u0131n\u0131 bildirib.<br \/>\nKomit\u0259 s\u0259dri t\u0259brikind\u0259 dilin xalq\u0131n tarixi yadda\u015f\u0131n\u0131n, d\u00fcnyag\u00f6r\u00fc\u015f\u00fcn\u00fcn, m\u0259n\u0259vi d\u0259y\u0259rl\u0259rinin v\u0259 milli kimliyinin m\u00fch\u00fcm da\u015f\u0131y\u0131c\u0131s\u0131 oldu\u011funa diqq\u0259t \u00e7\u0259kib. Qeyd edib ki, bu bax\u0131mdan akademik M\u00f6hs\u00fcn Na\u011f\u0131soylunun f\u0259aliyy\u0259tinin \u00f6n\u0259mi s\u0131rf akademik m\u00fcst\u0259vi il\u0259 m\u0259hdudla\u015fm\u0131r; ana dilimizin tarixi qatlar\u0131n\u0131n ara\u015fd\u0131r\u0131lmas\u0131, klassik m\u0259tnl\u0259rimizin \u00e7a\u011fda\u015f elmi d\u00f6vriyy\u0259y\u0259 g\u0259tirilm\u0259si milli yadda\u015f\u0131n qorunmas\u0131na v\u0259 n\u0259sill\u0259r aras\u0131nda m\u0259n\u0259vi varisliyin t\u0259min olunmas\u0131na xidm\u0259t edir.<\/p>\n<p>M\u0259ktubda M\u00f6hs\u00fcn Na\u011f\u0131soylunun Az\u0259rbaycan dilinin safl\u0131\u011f\u0131n\u0131n qorunmas\u0131n\u0131 h\u0259r bir v\u0259t\u0259nda\u015f\u0131n borcu kimi d\u0259y\u0259rl\u0259ndirm\u0259sinin alim m\u00f6vqeyi il\u0259 v\u0259t\u0259nda\u015f m\u0259suliyy\u0259tinin \u00fczvi v\u0259hd\u0259tini ifad\u0259 etdiyi d\u0259 vur\u011fulan\u0131b.<br \/>\nFazil Mustafa akademiki elml\u0259 milli-m\u0259n\u0259vi d\u0259y\u0259rl\u0259r aras\u0131nda canl\u0131 ba\u011f yaradan, ke\u00e7mi\u015fin qiym\u0259tli s\u00f6z v\u0259 fikir yadigarlar\u0131n\u0131 ictimai-m\u0259d\u0259ni yadda\u015f\u0131m\u0131za qaytaran g\u00f6rk\u0259mli aliml\u0259rimizd\u0259n biri kimi s\u0259ciyy\u0259l\u0259ndirib. Onun uzunillik elmi-pedaqoji f\u0259aliyy\u0259ti, yeti\u015fdirdiyi ara\u015fd\u0131rma\u00e7\u0131lar v\u0259 z\u0259ngin elmi irsinin ayr\u0131ca d\u0259y\u0259r da\u015f\u0131d\u0131\u011f\u0131 bildirilib.<\/p>\n<p>Komit\u0259 s\u0259dri M\u00f6hs\u00fcn Na\u011f\u0131soylunun 80 illik yubileyini Az\u0259rbaycan elmin\u0259 xidm\u0259tl\u0259 ke\u00e7\u0259n z\u0259ngin \u00f6mr\u00fcn, akademik f\u0259aliyy\u0259tin v\u0259 milli s\u00f6z s\u0259rv\u0259timiz\u0259 s\u0259daq\u0259tin qazand\u0131rd\u0131\u011f\u0131 m\u0259n\u0259vi s\u0259rv\u0259tl\u0259 qar\u015f\u0131lad\u0131\u011f\u0131n\u0131 vur\u011fulay\u0131b, g\u00f6rk\u0259mli alimi yubileyi m\u00fcnasib\u0259til\u0259 bir daha t\u0259brik ed\u0259r\u0259k \u0259n xo\u015f dil\u0259kl\u0259rini \u00e7atd\u0131r\u0131b.<\/p>\n","protected":false},"excerpt":{"rendered":"<p>Milli M\u0259clisin \u0130ctimai birlikl\u0259r v\u0259 dini qurumlar komit\u0259sinin s\u0259dri Fazil Mustafa Az\u0259rbaycan Milli Elml\u0259r Akademiyas\u0131n\u0131n h\u0259qiqi \u00fczv\u00fc, tan\u0131nm\u0131\u015f elm v\u0259 ictimai xadim M\u00f6hs\u00fcn Na\u011f\u0131soylunu 80 illik yubileyi m\u00fcnasib\u0259til\u0259 t\u0259brik edib. T\u0259brik m\u0259ktubunda akademikin m\u0259nal\u0131 \u00f6m\u00fcr yolunun b\u00f6y\u00fck bir hiss\u0259sini Az\u0259rbaycan elmin\u0259, ana dilimizin tarixi yadda\u015f\u0131n\u0131n, klassik \u0259d\u0259bi-m\u0259d\u0259ni irsimizin \u00f6yr\u0259nilm\u0259sin\u0259 v\u0259 g\u0259l\u0259c\u0259k n\u0259sill\u0259r\u0259 \u00e7atd\u0131r\u0131lmas\u0131na h\u0259sr etdiyi [&hellip;]<\/p>\n","protected":false},"author":2,"featured_media":3632,"comment_status":"closed","ping_status":"closed","sticky":false,"template":"","format":"standard","meta":{"footnotes":""},"categories":[25,21],"tags":[],"_links":{"self":[{"href":"https:\/\/dilimizvarligimiz.az\/api\/wp\/v2\/posts\/3631"}],"collection":[{"href":"https:\/\/dilimizvarligimiz.az\/api\/wp\/v2\/posts"}],"about":[{"href":"https:\/\/dilimizvarligimiz.az\/api\/wp\/v2\/types\/post"}],"author":[{"embeddable":true,"href":"https:\/\/dilimizvarligimiz.az\/api\/wp\/v2\/users\/2"}],"replies":[{"embeddable":true,"href":"https:\/\/dilimizvarligimiz.az\/api\/wp\/v2\/comments?post=3631"}],"version-history":[{"count":1,"href":"https:\/\/dilimizvarligimiz.az\/api\/wp\/v2\/posts\/3631\/revisions"}],"predecessor-version":[{"id":3633,"href":"https:\/\/dilimizvarligimiz.az\/api\/wp\/v2\/posts\/3631\/revisions\/3633"}],"wp:featuredmedia":[{"embeddable":true,"href":"https:\/\/dilimizvarligimiz.az\/api\/wp\/v2\/media\/3632"}],"wp:attachment":[{"href":"https:\/\/dilimizvarligimiz.az\/api\/wp\/v2\/media?parent=3631"}],"wp:term":[{"taxonomy":"category","embeddable":true,"href":"https:\/\/dilimizvarligimiz.az\/api\/wp\/v2\/categories?post=3631"},{"taxonomy":"post_tag","embeddable":true,"href":"https:\/\/dilimizvarligimiz.az\/api\/wp\/v2\/tags?post=3631"}],"curies":[{"name":"wp","href":"https:\/\/api.w.org\/{rel}","templated":true}]}}