{"id":3661,"date":"2026-09-04T21:44:33","date_gmt":"2026-09-04T17:44:33","guid":{"rendered":"https:\/\/dilimizvarligimiz.az\/?p=3661"},"modified":"2026-09-04T21:45:28","modified_gmt":"2026-09-04T17:45:28","slug":"2023-cu-il-antiterror-%c9%99m%c9%99liyyati-bar%c9%99d%c9%99-unikal-n%c9%99sr-hazirlanir","status":"publish","type":"post","link":"https:\/\/dilimizvarligimiz.az\/2023-cu-il-antiterror-%c9%99m%c9%99liyyati-bar%c9%99d%c9%99-unikal-n%c9%99sr-hazirlanir\/","title":{"rendered":"2023-c\u00fc il antiterror \u0259m\u0259liyyat\u0131 bar\u0259d\u0259 unikal n\u0259\u015fr haz\u0131rlan\u0131r"},"content":{"rendered":"<p style=\"font-weight: 400;\"><strong>Az\u0259rbaycan Yaz\u0131\u00e7\u0131lar Birliyi \u018fd\u0259biyyat Fondu Qeyri-H\u00f6kum\u0259t T\u0259\u015fkilatlar\u0131na D\u00f6vl\u0259t D\u0259st\u0259yi Agentliyinin 2026-ci il \u00fc\u00e7\u00fcn elan etdiyi orta qrant m\u00fcsabiq\u0259si \u00e7\u0259r\u00e7iv\u0259sind\u0259 \u201cAntiterror \u0259m\u0259liyyat\u0131 m\u00f6vzusunda b\u0259dii \u0259s\u0259rin i\u015fl\u0259nm\u0259si\u201d layih\u0259sini icra etm\u0259kd\u0259dir.<\/strong><\/p>\n<p style=\"font-weight: 400;\">\u201c\u018fd\u0259biyyat v\u0259 inc\u0259s\u0259n\u0259t\u201d portal\u0131 x\u0259b\u0259r verir ki, layih\u0259 \u00f6z\u00fcnd\u0259 yaz\u0131\u00e7\u0131 Varisin yazd\u0131\u011f\u0131 \u201c23 saat v\u0259 43 d\u0259qiq\u0259\u201d \u0259s\u0259rini ehtiva edir. \u018fs\u0259r unikald\u0131r, burada\u00a02023-c\u00fc ilin 19-20 sentyabr tarixind\u0259 ke\u00e7irilmi\u015f lokal antiterror \u0259m\u0259liyyat\u0131 bar\u0259d\u0259 dem\u0259k olar ki b\u00fct\u00fcn m\u0259lumatlar \u00f6z \u0259ksini tap\u0131b:<\/p>\n<p style=\"font-weight: 400;\">-\u0259m\u0259liyyat\u0131 z\u0259ruri ed\u0259n s\u0259b\u0259bl\u0259r, \u0259m\u0259liyyat\u0131n saatbasaat gedi\u015fi, Az\u0259rbaycan prezidentinin \u0259m\u0259liyyatla ba\u011fl\u0131 \u00e7\u0131x\u0131\u015flar\u0131, m\u00fcsahib\u0259l\u0259ri, Az\u0259rbaycan ordusunun t\u0259rkibi, x\u00fcsusi t\u0259yinatl\u0131lar v\u0259 komandolar\u0131n misilsiz \u015f\u00fcca\u0259ti, apar\u0131lan h\u0259rbi \u0259m\u0259liyyat\u0131n xarakteri, silah n\u00f6vl\u0259ri, c\u0259bh\u0259l\u0259rin t\u0259snifat\u0131, \u0259sas d\u00f6y\u00fc\u015fl\u0259r, d\u00fc\u015fm\u0259nin kapitulyasiyas\u0131, \u0259ld\u0259 edil\u0259n silah-sursat, d\u00fc\u015fm\u0259nin yeralt\u0131 h\u0259rbi baza v\u0259 q\u0259rargahlar\u0131n\u0131n t\u0259sviri, Xank\u0259ndiy\u0259 \u00fc\u00e7r\u0259ngli bayra\u011f\u0131n sanc\u0131lmas\u0131, Yevlaxdak\u0131 reinteqrasiya g\u00f6r\u015f\u00fc\u015fl\u0259ri, Xank\u0259ndi z\u0259f\u0259r parad\u0131, \u0259m\u0259liyyata d\u00fcnya siyas\u0259t\u00e7il\u0259rinin, medias\u0131n\u0131n, h\u0259rbi ekspertl\u0259rin verdiyi qiym\u0259t, \u0259m\u0259liyyatdan sonra Qafqaz\u0131n siyasi d\u00fcz\u0259ninin tam d\u0259yi\u015fm\u0259si, bir s\u00f6zl\u0259, Az\u0259rbaycan\u0131n suverenliyinin tam b\u0259rpas\u0131 il\u0259 yekunla\u015fan 23 saat 43 d\u0259qiq\u0259d\u0259n ibar\u0259t \u2013 amma q\u0259rin\u0259l\u0259r\u0259 b\u0259rab\u0259r olan bir \u0259m\u0259liyyat!<\/p>\n<p style=\"font-weight: 400;\">Kitabda antiterror \u0259m\u0259liyyat\u0131nda i\u015ftirak ed\u0259n s\u0259hra komandirl\u0259rind\u0259n tutmu\u015f adi \u0259sg\u0259rl\u0259r\u0259 q\u0259d\u0259r bir \u00e7oxlar\u0131n\u0131n \u015f\u0259rhl\u0259ri, m\u00fclahiz\u0259l\u0259ri, xatir\u0259l\u0259ri d\u0259 yer al\u0131r.<\/p>\n<p style=\"font-weight: 400;\">Kitab 3 f\u0259sild\u0259n ibar\u0259tdir, kitab\u0131n 1-ci f\u0259sli \u0259m\u0259liyyata q\u0259d\u0259rki d\u00f6vr\u00fc v\u0259 \u0259m\u0259liyyat\u0131 \u0259hat\u0259 edir. 3-c\u00fc f\u0259sil \u0259m\u0259liyyatdan sonrak\u0131 prosesl\u0259ri \u0259ks etdirir. Kitab\u0131 unikal ed\u0259n is\u0259 2-ci f\u0259sildir. Burada antiterror \u0259m\u0259liyyat\u0131nda \u015f\u0259hid olan 52 h\u0259rb\u00e7imizin kimisinin ata-anas\u0131, kimisinin bac\u0131-qarda\u015f\u0131, kimisinin h\u0259yat yolda\u015f\u0131, kimisinin \u00f6vlad\u0131 kitab\u0131n h\u0259mm\u00fc\u0259llifi ampluas\u0131nda \u00f6z \u015f\u0259hidinin h\u0259yat hekay\u0259tini t\u0259qdim edir.<\/p>\n<p style=\"font-weight: 400;\">\u201c23 saat 43 d\u0259qiq\u0259\u201d kitab\u0131n\u0131n Az\u0259rbaycan\u0131n m\u00fcasir tarixinin b\u0259dii-s\u0259n\u0259dli s\u0259lnam\u0259sini \u0259ks etdir\u0259n d\u0259y\u0259rli v\u0259sait kimi faydas\u0131 b\u00f6y\u00fck olacaq, \u00e7\u00fcnki n\u0259\u015fr Az\u0259rbaycan\u0131n d\u00f6vl\u0259t suverenliyinin tam b\u0259rpas\u0131 prosesini b\u00fcsb\u00fct\u00fcn t\u0259r\u0259nn\u00fcm etm\u0259kl\u0259 g\u0259l\u0259c\u0259k n\u0259sill\u0259rin yadda\u015f\u0131na k\u00f6\u00e7\u00fcrm\u0259k missiyas\u0131n\u0131 yerin\u0259 yetirir.<\/p>\n<p style=\"font-weight: 400;\">N\u0259\u015frin ba\u015f m\u0259sl\u0259h\u0259t\u00e7isi M\u00fcharib\u0259, \u018fm\u0259k v\u0259 Silahl\u0131 Q\u00fcvv\u0259l\u0259r Veteranlar\u0131 t\u0259\u015fkilat\u0131n\u0131n s\u0259dri, polkovnik C\u0259lil X\u0259lilov, redaktoru \u015fair, publisit \u018fkb\u0259r Qo\u015fal\u0131d\u0131r.<\/p>\n<p style=\"font-weight: 400;\">N\u0259\u015frin sentyabr ay\u0131n\u0131n sonunda tamamlanmas\u0131 v\u0259 \u00f6lk\u0259 ictimaiyy\u0259tin\u0259 t\u0259qdimat\u0131 n\u0259z\u0259rd\u0259 tutulur.<\/p>\n","protected":false},"excerpt":{"rendered":"<p>Az\u0259rbaycan Yaz\u0131\u00e7\u0131lar Birliyi \u018fd\u0259biyyat Fondu Qeyri-H\u00f6kum\u0259t T\u0259\u015fkilatlar\u0131na D\u00f6vl\u0259t D\u0259st\u0259yi Agentliyinin 2026-ci il \u00fc\u00e7\u00fcn elan etdiyi orta qrant m\u00fcsabiq\u0259si \u00e7\u0259r\u00e7iv\u0259sind\u0259 \u201cAntiterror \u0259m\u0259liyyat\u0131 m\u00f6vzusunda b\u0259dii \u0259s\u0259rin i\u015fl\u0259nm\u0259si\u201d layih\u0259sini icra etm\u0259kd\u0259dir. \u201c\u018fd\u0259biyyat v\u0259 inc\u0259s\u0259n\u0259t\u201d portal\u0131 x\u0259b\u0259r verir ki, layih\u0259 \u00f6z\u00fcnd\u0259 yaz\u0131\u00e7\u0131 Varisin yazd\u0131\u011f\u0131 \u201c23 saat v\u0259 43 d\u0259qiq\u0259\u201d \u0259s\u0259rini ehtiva edir. \u018fs\u0259r unikald\u0131r, burada\u00a02023-c\u00fc ilin 19-20 sentyabr tarixind\u0259 [&hellip;]<\/p>\n","protected":false},"author":2,"featured_media":3662,"comment_status":"closed","ping_status":"closed","sticky":false,"template":"","format":"standard","meta":{"footnotes":""},"categories":[20,25,21],"tags":[],"_links":{"self":[{"href":"https:\/\/dilimizvarligimiz.az\/api\/wp\/v2\/posts\/3661"}],"collection":[{"href":"https:\/\/dilimizvarligimiz.az\/api\/wp\/v2\/posts"}],"about":[{"href":"https:\/\/dilimizvarligimiz.az\/api\/wp\/v2\/types\/post"}],"author":[{"embeddable":true,"href":"https:\/\/dilimizvarligimiz.az\/api\/wp\/v2\/users\/2"}],"replies":[{"embeddable":true,"href":"https:\/\/dilimizvarligimiz.az\/api\/wp\/v2\/comments?post=3661"}],"version-history":[{"count":2,"href":"https:\/\/dilimizvarligimiz.az\/api\/wp\/v2\/posts\/3661\/revisions"}],"predecessor-version":[{"id":3664,"href":"https:\/\/dilimizvarligimiz.az\/api\/wp\/v2\/posts\/3661\/revisions\/3664"}],"wp:featuredmedia":[{"embeddable":true,"href":"https:\/\/dilimizvarligimiz.az\/api\/wp\/v2\/media\/3662"}],"wp:attachment":[{"href":"https:\/\/dilimizvarligimiz.az\/api\/wp\/v2\/media?parent=3661"}],"wp:term":[{"taxonomy":"category","embeddable":true,"href":"https:\/\/dilimizvarligimiz.az\/api\/wp\/v2\/categories?post=3661"},{"taxonomy":"post_tag","embeddable":true,"href":"https:\/\/dilimizvarligimiz.az\/api\/wp\/v2\/tags?post=3661"}],"curies":[{"name":"wp","href":"https:\/\/api.w.org\/{rel}","templated":true}]}}